[{"@context":"https:\/\/schema.org\/","@type":"Blog","@id":"https:\/\/www.busse.cz#Blog","headline":"Busse","description":"\nNev\u00edte, kam um\u00edstit svoji reklamu, aby tato neunikla pozornosti ve\u0159ejnosti? Pak to znamen\u00e1, \u017ee nezn\u00e1te n\u00e1\u0161 web. A m\u011bli byste to zkusit napravit.","url":"https:\/\/www.busse.cz","hasPart":[{"@type":"Article","@id":"https:\/\/www.busse.cz\/nova-kuchyne-pro-kazdeho\/","headline":"Nov\u00e1 kuchyn\u011b pro ka\u017ed\u00e9ho","url":"https:\/\/www.busse.cz\/nova-kuchyne-pro-kazdeho\/","datePublished":"2025-09-01","dateModified":"2025-09-01","mainEntityOfPage":"https:\/\/www.busse.cz\/nova-kuchyne-pro-kazdeho\/","author":{"@type":"Person","@id":"https:\/\/www.busse.cz\/author\/#Person","name":"busse.cz\n","url":"https:\/\/www.busse.cz\/author\/","identifier":1,"image":{"@type":"ImageObject","@id":"https:\/\/secure.gravatar.com\/avatar\/f5ad5dcd5c02ecc0fdaf1fe4b2e9a39ad5c5cc2b614885090f6f77b1ccabb3a9?s=96&d=mm&r=g","url":"https:\/\/secure.gravatar.com\/avatar\/f5ad5dcd5c02ecc0fdaf1fe4b2e9a39ad5c5cc2b614885090f6f77b1ccabb3a9?s=96&d=mm&r=g","height":96,"width":96}},"publisher":{"@type":"Organization","name":"busse.cz","logo":{"@type":"ImageObject","@id":"\/logo.png","url":"\/logo.png","width":600,"height":60}},"image":{"@type":"ImageObject","@id":"https:\/\/www.busse.cz\/wp-content\/uploads\/pexels-heyho-6970063.jpg","url":"https:\/\/www.busse.cz\/wp-content\/uploads\/pexels-heyho-6970063.jpg","height":0,"width":0},"wordCount":546,"keywords":null},{"@type":"Article","@id":"https:\/\/www.busse.cz\/prijedte-na-dovolenou-do-naseho-kraje\/","headline":"P\u0159ije\u010fte na dovolenou do na\u0161eho kraje","url":"https:\/\/www.busse.cz\/prijedte-na-dovolenou-do-naseho-kraje\/","datePublished":"2025-08-24","dateModified":"2025-08-24","mainEntityOfPage":"https:\/\/www.busse.cz\/prijedte-na-dovolenou-do-naseho-kraje\/","author":{"@type":"Person","@id":"https:\/\/www.busse.cz\/author\/#Person","name":"busse.cz\n","url":"https:\/\/www.busse.cz\/author\/","identifier":1,"image":{"@type":"ImageObject","@id":"https:\/\/secure.gravatar.com\/avatar\/f5ad5dcd5c02ecc0fdaf1fe4b2e9a39ad5c5cc2b614885090f6f77b1ccabb3a9?s=96&d=mm&r=g","url":"https:\/\/secure.gravatar.com\/avatar\/f5ad5dcd5c02ecc0fdaf1fe4b2e9a39ad5c5cc2b614885090f6f77b1ccabb3a9?s=96&d=mm&r=g","height":96,"width":96}},"publisher":{"@type":"Organization","name":"busse.cz","logo":{"@type":"ImageObject","@id":"\/logo.png","url":"\/logo.png","width":600,"height":60}},"image":null,"wordCount":216,"keywords":null},{"@type":"Article","@id":"https:\/\/www.busse.cz\/kvalita-ktera-oslovuje-na-celem-svete\/","headline":"Kvalita, kter\u00e1 oslovuje na cel\u00e9m sv\u011bt\u011b","url":"https:\/\/www.busse.cz\/kvalita-ktera-oslovuje-na-celem-svete\/","datePublished":"2025-08-21","dateModified":"2025-08-21","mainEntityOfPage":"https:\/\/www.busse.cz\/kvalita-ktera-oslovuje-na-celem-svete\/","author":{"@type":"Person","@id":"https:\/\/www.busse.cz\/author\/#Person","name":"busse.cz\n","url":"https:\/\/www.busse.cz\/author\/","identifier":1,"image":{"@type":"ImageObject","@id":"https:\/\/secure.gravatar.com\/avatar\/f5ad5dcd5c02ecc0fdaf1fe4b2e9a39ad5c5cc2b614885090f6f77b1ccabb3a9?s=96&d=mm&r=g","url":"https:\/\/secure.gravatar.com\/avatar\/f5ad5dcd5c02ecc0fdaf1fe4b2e9a39ad5c5cc2b614885090f6f77b1ccabb3a9?s=96&d=mm&r=g","height":96,"width":96}},"publisher":{"@type":"Organization","name":"busse.cz","logo":{"@type":"ImageObject","@id":"\/logo.png","url":"\/logo.png","width":600,"height":60}},"image":null,"wordCount":212,"keywords":null},{"@type":"Article","@id":"https:\/\/www.busse.cz\/automobil-na-leasing\/","headline":"Automobil na leasing","url":"https:\/\/www.busse.cz\/automobil-na-leasing\/","datePublished":"2025-08-18","dateModified":"2025-08-18","mainEntityOfPage":"https:\/\/www.busse.cz\/automobil-na-leasing\/","author":{"@type":"Person","@id":"https:\/\/www.busse.cz\/author\/#Person","name":"busse.cz\n","url":"https:\/\/www.busse.cz\/author\/","identifier":1,"image":{"@type":"ImageObject","@id":"https:\/\/secure.gravatar.com\/avatar\/f5ad5dcd5c02ecc0fdaf1fe4b2e9a39ad5c5cc2b614885090f6f77b1ccabb3a9?s=96&d=mm&r=g","url":"https:\/\/secure.gravatar.com\/avatar\/f5ad5dcd5c02ecc0fdaf1fe4b2e9a39ad5c5cc2b614885090f6f77b1ccabb3a9?s=96&d=mm&r=g","height":96,"width":96}},"publisher":{"@type":"Organization","name":"busse.cz","logo":{"@type":"ImageObject","@id":"\/logo.png","url":"\/logo.png","width":600,"height":60}},"image":{"@type":"ImageObject","@id":"https:\/\/www.busse.cz\/wp-content\/uploads\/opel-5190050_640_2.jpg","url":"https:\/\/www.busse.cz\/wp-content\/uploads\/opel-5190050_640_2.jpg","height":0,"width":0},"wordCount":559,"keywords":null},{"@type":"Article","@id":"https:\/\/www.busse.cz\/zahranicni-stehovani-s-uschovou-veci\/","headline":"Zahrani\u010dn\u00ed st\u011bhov\u00e1n\u00ed s \u00faschovou v\u011bc\u00ed","url":"https:\/\/www.busse.cz\/zahranicni-stehovani-s-uschovou-veci\/","datePublished":"2025-08-16","dateModified":"2025-08-16","mainEntityOfPage":"https:\/\/www.busse.cz\/zahranicni-stehovani-s-uschovou-veci\/","author":{"@type":"Person","@id":"https:\/\/www.busse.cz\/author\/#Person","name":"busse.cz\n","url":"https:\/\/www.busse.cz\/author\/","identifier":1,"image":{"@type":"ImageObject","@id":"https:\/\/secure.gravatar.com\/avatar\/f5ad5dcd5c02ecc0fdaf1fe4b2e9a39ad5c5cc2b614885090f6f77b1ccabb3a9?s=96&d=mm&r=g","url":"https:\/\/secure.gravatar.com\/avatar\/f5ad5dcd5c02ecc0fdaf1fe4b2e9a39ad5c5cc2b614885090f6f77b1ccabb3a9?s=96&d=mm&r=g","height":96,"width":96}},"publisher":{"@type":"Organization","name":"busse.cz","logo":{"@type":"ImageObject","@id":"\/logo.png","url":"\/logo.png","width":600,"height":60}},"image":{"@type":"ImageObject","@id":"https:\/\/www.busse.cz\/wp-content\/uploads\/corrugated-2225141_640_10_9.jpg","url":"https:\/\/www.busse.cz\/wp-content\/uploads\/corrugated-2225141_640_10_9.jpg","height":0,"width":0},"wordCount":771,"keywords":null},{"@type":"Article","@id":"https:\/\/www.busse.cz\/vsem-milencum-vsem-snoubencum-slyste\/","headline":"V\u0161em milenc\u016fm, v\u0161em snoubenc\u016fm &#8211; sly\u0161te!","url":"https:\/\/www.busse.cz\/vsem-milencum-vsem-snoubencum-slyste\/","datePublished":"2025-08-14","dateModified":"2025-08-14","mainEntityOfPage":"https:\/\/www.busse.cz\/vsem-milencum-vsem-snoubencum-slyste\/","author":{"@type":"Person","@id":"https:\/\/www.busse.cz\/author\/#Person","name":"busse.cz\n","url":"https:\/\/www.busse.cz\/author\/","identifier":1,"image":{"@type":"ImageObject","@id":"https:\/\/secure.gravatar.com\/avatar\/f5ad5dcd5c02ecc0fdaf1fe4b2e9a39ad5c5cc2b614885090f6f77b1ccabb3a9?s=96&d=mm&r=g","url":"https:\/\/secure.gravatar.com\/avatar\/f5ad5dcd5c02ecc0fdaf1fe4b2e9a39ad5c5cc2b614885090f6f77b1ccabb3a9?s=96&d=mm&r=g","height":96,"width":96}},"publisher":{"@type":"Organization","name":"busse.cz","logo":{"@type":"ImageObject","@id":"\/logo.png","url":"\/logo.png","width":600,"height":60}},"image":null,"wordCount":215,"keywords":null},{"@type":"Article","@id":"https:\/\/www.busse.cz\/chytre-rizeni-bazenu-z-pretoku\/","headline":"Chytr\u00e9 \u0159\u00edzen\u00ed baz\u00e9nu z p\u0159etok\u016f","url":"https:\/\/www.busse.cz\/chytre-rizeni-bazenu-z-pretoku\/","datePublished":"2025-08-09","dateModified":"2025-08-09","mainEntityOfPage":"https:\/\/www.busse.cz\/chytre-rizeni-bazenu-z-pretoku\/","author":{"@type":"Person","@id":"https:\/\/www.busse.cz\/author\/#Person","name":"busse.cz\n","url":"https:\/\/www.busse.cz\/author\/","identifier":1,"image":{"@type":"ImageObject","@id":"https:\/\/secure.gravatar.com\/avatar\/f5ad5dcd5c02ecc0fdaf1fe4b2e9a39ad5c5cc2b614885090f6f77b1ccabb3a9?s=96&d=mm&r=g","url":"https:\/\/secure.gravatar.com\/avatar\/f5ad5dcd5c02ecc0fdaf1fe4b2e9a39ad5c5cc2b614885090f6f77b1ccabb3a9?s=96&d=mm&r=g","height":96,"width":96}},"publisher":{"@type":"Organization","name":"busse.cz","logo":{"@type":"ImageObject","@id":"\/logo.png","url":"\/logo.png","width":600,"height":60}},"image":{"@type":"ImageObject","@id":"https:\/\/www.busse.cz\/wp-content\/uploads\/energie_solarni_hZurvM.jpg","url":"https:\/\/www.busse.cz\/wp-content\/uploads\/energie_solarni_hZurvM.jpg","height":0,"width":0},"wordCount":569,"keywords":null},{"@type":"Article","@id":"https:\/\/www.busse.cz\/car-point\/","headline":"Car Point","url":"https:\/\/www.busse.cz\/car-point\/","datePublished":"2025-08-07","dateModified":"2025-08-07","mainEntityOfPage":"https:\/\/www.busse.cz\/car-point\/","author":{"@type":"Person","@id":"https:\/\/www.busse.cz\/author\/#Person","name":"busse.cz\n","url":"https:\/\/www.busse.cz\/author\/","identifier":1,"image":{"@type":"ImageObject","@id":"https:\/\/secure.gravatar.com\/avatar\/f5ad5dcd5c02ecc0fdaf1fe4b2e9a39ad5c5cc2b614885090f6f77b1ccabb3a9?s=96&d=mm&r=g","url":"https:\/\/secure.gravatar.com\/avatar\/f5ad5dcd5c02ecc0fdaf1fe4b2e9a39ad5c5cc2b614885090f6f77b1ccabb3a9?s=96&d=mm&r=g","height":96,"width":96}},"publisher":{"@type":"Organization","name":"busse.cz","logo":{"@type":"ImageObject","@id":"\/logo.png","url":"\/logo.png","width":600,"height":60}},"image":null,"wordCount":205,"keywords":null},{"@type":"Article","@id":"https:\/\/www.busse.cz\/vyber-z-mnoha-modelu\/","headline":"V\u00fdb\u011br z mnoha model\u016f","url":"https:\/\/www.busse.cz\/vyber-z-mnoha-modelu\/","datePublished":"2025-08-02","dateModified":"2025-08-02","mainEntityOfPage":"https:\/\/www.busse.cz\/vyber-z-mnoha-modelu\/","author":{"@type":"Person","@id":"https:\/\/www.busse.cz\/author\/#Person","name":"busse.cz\n","url":"https:\/\/www.busse.cz\/author\/","identifier":1,"image":{"@type":"ImageObject","@id":"https:\/\/secure.gravatar.com\/avatar\/f5ad5dcd5c02ecc0fdaf1fe4b2e9a39ad5c5cc2b614885090f6f77b1ccabb3a9?s=96&d=mm&r=g","url":"https:\/\/secure.gravatar.com\/avatar\/f5ad5dcd5c02ecc0fdaf1fe4b2e9a39ad5c5cc2b614885090f6f77b1ccabb3a9?s=96&d=mm&r=g","height":96,"width":96}},"publisher":{"@type":"Organization","name":"busse.cz","logo":{"@type":"ImageObject","@id":"\/logo.png","url":"\/logo.png","width":600,"height":60}},"image":null,"wordCount":206,"keywords":null},{"@type":"Article","@id":"https:\/\/www.busse.cz\/lze-to-tak-snadno\/","headline":"Lze to tak snadno?","url":"https:\/\/www.busse.cz\/lze-to-tak-snadno\/","datePublished":"2025-07-27","dateModified":"2025-07-27","mainEntityOfPage":"https:\/\/www.busse.cz\/lze-to-tak-snadno\/","author":{"@type":"Person","@id":"https:\/\/www.busse.cz\/author\/#Person","name":"busse.cz\n","url":"https:\/\/www.busse.cz\/author\/","identifier":1,"image":{"@type":"ImageObject","@id":"https:\/\/secure.gravatar.com\/avatar\/f5ad5dcd5c02ecc0fdaf1fe4b2e9a39ad5c5cc2b614885090f6f77b1ccabb3a9?s=96&d=mm&r=g","url":"https:\/\/secure.gravatar.com\/avatar\/f5ad5dcd5c02ecc0fdaf1fe4b2e9a39ad5c5cc2b614885090f6f77b1ccabb3a9?s=96&d=mm&r=g","height":96,"width":96}},"publisher":{"@type":"Organization","name":"busse.cz","logo":{"@type":"ImageObject","@id":"\/logo.png","url":"\/logo.png","width":600,"height":60}},"image":null,"wordCount":210,"keywords":null}]},{"@context":"https:\/\/schema.org","@type":"WebSite","@id":"https:\/\/www.busse.cz\/#website","name":"Busse","url":"https:\/\/www.busse.cz","potentialAction":{"@type":"SearchAction","target":"https:\/\/www.busse.cz\/?s={search_term_string}","query-input":"required name=search_term_string"}}]