[{"@context":"https:\/\/schema.org\/","@type":"Article","@id":"https:\/\/www.busse.cz\/s-vyberem-kocarku-si-dejte-na-cas-co-by-melo-byt-pri-dulezitem-rozhodovani-nejdulezitejsi\/#Article","mainEntityOfPage":"https:\/\/www.busse.cz\/s-vyberem-kocarku-si-dejte-na-cas-co-by-melo-byt-pri-dulezitem-rozhodovani-nejdulezitejsi\/","headline":"S v\u00fdb\u011brem ko\u010d\u00e1rku si dejte na \u010das &#8211; Co by m\u011blo b\u00fdt p\u0159i d\u016fle\u017eit\u00e9m rozhodov\u00e1n\u00ed nejd\u016fle\u017eit\u011bj\u0161\u00ed?","name":"S v\u00fdb\u011brem ko\u010d\u00e1rku si dejte na \u010das &#8211; Co by m\u011blo b\u00fdt p\u0159i d\u016fle\u017eit\u00e9m rozhodov\u00e1n\u00ed nejd\u016fle\u017eit\u011bj\u0161\u00ed?","description":"Va\u0161e miminko je na cest\u011b a vy rychle hled\u00e1te ko\u010d\u00e1rek, ve kter\u00e9m byste jej po narozen\u00ed mohli vozit? Co v\u0161echno je t\u0159eba zv\u00e1\u017eit, ne\u017e n\u011bjak\u00fd vyberete? S v\u00fdb\u011brem ko\u010d\u00e1rku si dejte na \u010das &#8211; Co by m\u011blo b\u00fdt p\u0159i d\u016fle\u017eit\u00e9m rozhodov\u00e1n\u00ed nejd\u016fle\u017eit\u011bj\u0161\u00ed? Ihned po porodu je t\u0159eba miminko m\u00edt v \u010dem vozit. Nejen na proch\u00e1zky ale i na prohl\u00eddky k l\u00e9ka\u0159i, d\u00edt\u011b v ko\u010d\u00e1rku m\u016f\u017ee sp\u00e1t a celkov\u011b v n\u011bm [&hellip;]","datePublished":"2022-06-18","dateModified":"2023-05-05","author":{"@type":"Person","@id":"https:\/\/www.busse.cz\/author\/#Person","name":"busse.cz\n","url":"https:\/\/www.busse.cz\/author\/","identifier":1,"image":{"@type":"ImageObject","@id":"https:\/\/secure.gravatar.com\/avatar\/f5ad5dcd5c02ecc0fdaf1fe4b2e9a39ad5c5cc2b614885090f6f77b1ccabb3a9?s=96&d=mm&r=g","url":"https:\/\/secure.gravatar.com\/avatar\/f5ad5dcd5c02ecc0fdaf1fe4b2e9a39ad5c5cc2b614885090f6f77b1ccabb3a9?s=96&d=mm&r=g","height":96,"width":96}},"publisher":{"@type":"Organization","name":"busse.cz","logo":{"@type":"ImageObject","@id":"\/logo.png","url":"\/logo.png","width":600,"height":60}},"image":{"@type":"ImageObject","@id":"https:\/\/www.busse.cz\/wp-content\/uploads\/pexels-photo-6849509.jpeg","url":"https:\/\/www.busse.cz\/wp-content\/uploads\/pexels-photo-6849509.jpeg","height":0,"width":0},"url":"https:\/\/www.busse.cz\/s-vyberem-kocarku-si-dejte-na-cas-co-by-melo-byt-pri-dulezitem-rozhodovani-nejdulezitejsi\/","about":["N\u00e1kupy"],"wordCount":549,"articleBody":"        Va\u0161e miminko je na cest\u011b a vy rychle hled\u00e1te ko\u010d\u00e1rek, ve kter\u00e9m byste jej po narozen\u00ed mohli vozit? Co v\u0161echno je t\u0159eba zv\u00e1\u017eit, ne\u017e n\u011bjak\u00fd vyberete? S v\u00fdb\u011brem ko\u010d\u00e1rku si dejte na \u010das &#8211; Co by m\u011blo b\u00fdt p\u0159i d\u016fle\u017eit\u00e9m rozhodov\u00e1n\u00ed nejd\u016fle\u017eit\u011bj\u0161\u00ed? Ihned po porodu je t\u0159eba miminko m\u00edt v \u010dem vozit. Nejen na proch\u00e1zky ale i na prohl\u00eddky k l\u00e9ka\u0159i, d\u00edt\u011b v ko\u010d\u00e1rku m\u016f\u017ee sp\u00e1t a celkov\u011b v n\u011bm str\u00e1v\u00ed hodn\u011b \u010dasu. Pozd\u011bji a\u017e miminko povyroste, je zase t\u0159eba zm\u011bnit ko\u010d\u00e1rek, aby d\u00edt\u011b mohlo b\u011bhem j\u00edzdy sed\u011bt. Aby v\u00e1m ko\u010d\u00e1rek vydr\u017eel a\u017e do doby, ne\u017e d\u00edt\u011b bude samostatn\u011b schopno s v\u00e1mi na proch\u00e1zky chodit, je t\u0159eba vyb\u00edrat dob\u0159e. N\u011bkdo vym\u011bn\u00ed b\u011bhem p\u00e1r let i n\u011bkolik ko\u010d\u00e1rk\u016f, ale to ur\u010dit\u011b nemus\u00edte, pokud vhodn\u011b vyberete takov\u00fd, kter\u00fd v\u00e1m skv\u011ble poslou\u017e\u00ed. Jsou lep\u0161\u00ed kombinace nebo ne? Obrovskou v\u00fdhodu oproti na\u0161im mamink\u00e1m nebo babi\u010dk\u00e1m m\u00e1me jist\u011b dnes v tom, \u017ee je skute\u010dn\u011b z \u010deho vyb\u00edrat. Je tolik mo\u017enost\u00ed a existuje nep\u0159ebern\u00e9 mno\u017estv\u00ed r\u016fzn\u00fdch ko\u010d\u00e1rk\u016f, kter\u00e9 vynikaj\u00ed sv\u00fdmi funkcemi ale i designem. Jestli\u017ee v\u00edte, \u017ee va\u0161e miminko nebude jen jedno a budete si cht\u00edt ko\u010d\u00e1rek ponechat pro dal\u0161\u00ed d\u00edt\u011b, je lep\u0161\u00ed vyb\u00edrat z neutr\u00e1ln\u00edch barev, takov\u00e9 ko\u010d\u00e1rky se pak i l\u00e9pe prod\u00e1vaj\u00ed v p\u0159\u00edpad\u011b, \u017ee jej u\u017e pot\u0159ebovat nebudete. Jinak, pokud tou\u017e\u00edte po tom, aby ko\u010d\u00e1rek dal jasn\u011b najevo, zda vezete hol\u010di\u010dku nebo chlape\u010dka, m\u016f\u017eete vyb\u00edrat i z barev, kter\u00e9 to jasn\u011b ur\u010d\u00ed d\u0159\u00edve, ne\u017e se n\u011bkdo do ko\u010d\u00e1rku pod\u00edv\u00e1.I kdy\u017e je barva to, co maminky obvykle posuzuj\u00ed jako jednu z hlavn\u00edch v\u011bc\u00ed, na vzhledu samoz\u0159ejm\u011b a\u017e tolik nez\u00e1le\u017e\u00ed. Jsou i d\u016fle\u017eit\u011bj\u0161\u00ed v\u011bci, t\u0159eba to, zda je ko\u010d\u00e1rek multifunk\u010dn\u00ed nebo zda m\u00e1 dobr\u00e9 kole\u010dka, lehce se d\u00e1 slo\u017eit nebo m\u00e1 nastaviteln\u00e9 \u0159\u00edd\u00edtka. Nejobl\u00edben\u011bj\u0161\u00ed jsou bezesporu rovnou kombinace. Jeden podvozek, dv\u011b korbi\u010dky, jedna na le\u017een\u00ed, druh\u00e1 na sezen\u00ed a k tomu t\u0159eba i prvn\u00ed autoseda\u010dka. Kombinace uleh\u010d\u00ed pr\u00e1ci, nebudete muset jin\u00fd ko\u010d\u00e1rek sh\u00e1n\u011bt. Vyb\u00edrejte kvalitu Pot\u0159eba je uv\u011bdomit si, \u017ee ko\u010d\u00e1rky jsou hodn\u011b vyt\u011b\u017eovan\u00e9, i kdy\u017e budete jezdit jen po m\u011bst\u011b, vyt\u00e1hnete jej na vyj\u00ed\u017e\u010fku ka\u017ed\u00fd nov\u00fd den, je t\u0159eba se o n\u011bj starat. Podobn\u011b jako voz\u00edte sv\u00e9 kolo nebo auto na servis, i ko\u010d\u00e1rek jej pot\u0159ebuje. Aby jeho funk\u010dnost byla co nejlep\u0161\u00ed, je dobr\u00e9 volit osv\u011bd\u010den\u00e9 a hlavn\u011b opravdu kvalitn\u00ed zna\u010dky ko\u010d\u00e1rk\u016f jako t\u0159eba Riko qubus. Investice do ko\u010d\u00e1rku pro d\u00edt\u011b se vyplat\u00ed, s kvalitn\u00edm ko\u010d\u00e1rkem nebudete m\u00edt probl\u00e9my a bude se v\u00e1m s n\u00edm i skv\u011ble jezdit.                                                                                                                                                                                                                                                                                                                                                                                           5\/5 - (1 vote)        "},{"@context":"https:\/\/schema.org\/","@type":"BreadcrumbList","itemListElement":[{"@type":"ListItem","position":1,"name":"S v\u00fdb\u011brem ko\u010d\u00e1rku si dejte na \u010das &#8211; Co by m\u011blo b\u00fdt p\u0159i d\u016fle\u017eit\u00e9m rozhodov\u00e1n\u00ed nejd\u016fle\u017eit\u011bj\u0161\u00ed?","item":"https:\/\/www.busse.cz\/s-vyberem-kocarku-si-dejte-na-cas-co-by-melo-byt-pri-dulezitem-rozhodovani-nejdulezitejsi\/#breadcrumbitem"}]}]