[{"@context":"https:\/\/schema.org\/","@type":"Article","@id":"https:\/\/www.busse.cz\/vyhody-a-nevyhody-susicky-pradla\/#Article","mainEntityOfPage":"https:\/\/www.busse.cz\/vyhody-a-nevyhody-susicky-pradla\/","headline":"V\u00fdhody a nev\u00fdhody su\u0161i\u010dky pr\u00e1dla","name":"V\u00fdhody a nev\u00fdhody su\u0161i\u010dky pr\u00e1dla","description":"Pran\u00ed, su\u0161en\u00ed a \u017eehlen\u00ed pr\u00e1dla jsou neodd\u011blitelnou sou\u010d\u00e1st\u00ed p\u00e9\u010de o dom\u00e1cnost. \u0158e\u0161\u00edte pot\u00ed\u017ee s vlhkost\u00ed, p\u0159ek\u00e1\u017e\u00ed v\u00e1m su\u0161\u00e1k v byt\u011b a nechcete, aby n\u00e1v\u0161t\u011bva sed\u00edc\u00ed vedle n\u011bho vid\u011bla sou\u010d\u00e1sti va\u0161eho \u0161atn\u00edku, kter\u00e9 obvykle z\u016fst\u00e1vaj\u00ed skryt\u00e9? Dobr\u00fdm \u0159e\u0161en\u00edm m\u016f\u017ee b\u00fdt su\u0161i\u010dka pr\u00e1dla. V n\u00e1sleduj\u00edc\u00edm \u010dl\u00e1nku si uvedeme v\u00fdhody a nev\u00fdhody su\u0161i\u010dky. &nbsp; V\u00fdhody su\u0161i\u010dky Zbav\u00edte se vlhkosti z pr\u00e1dla v byt\u011b. Nebudete muset v\u011b\u0161et a sundavat pr\u00e1dlo. Su\u0161\u00e1k pr\u00e1dla nezabere m\u00edsto [&hellip;]","datePublished":"2016-11-23","dateModified":"2023-05-05","author":{"@type":"Person","@id":"https:\/\/www.busse.cz\/author\/#Person","name":"busse.cz\n","url":"https:\/\/www.busse.cz\/author\/","identifier":1,"image":{"@type":"ImageObject","@id":"https:\/\/secure.gravatar.com\/avatar\/f5ad5dcd5c02ecc0fdaf1fe4b2e9a39ad5c5cc2b614885090f6f77b1ccabb3a9?s=96&d=mm&r=g","url":"https:\/\/secure.gravatar.com\/avatar\/f5ad5dcd5c02ecc0fdaf1fe4b2e9a39ad5c5cc2b614885090f6f77b1ccabb3a9?s=96&d=mm&r=g","height":96,"width":96}},"publisher":{"@type":"Organization","name":"busse.cz","logo":{"@type":"ImageObject","@id":"\/logo.png","url":"\/logo.png","width":600,"height":60}},"image":{"@type":"ImageObject","@id":"https:\/\/busse.cz\/wp-content\/uploads\/img_a301354_w2302_t1511427126.jpg","url":"https:\/\/busse.cz\/wp-content\/uploads\/img_a301354_w2302_t1511427126.jpg","height":"","width":""},"url":"https:\/\/www.busse.cz\/vyhody-a-nevyhody-susicky-pradla\/","about":["Neza\u0159azen\u00e9"],"wordCount":435,"articleBody":"Pran\u00ed, su\u0161en\u00ed a \u017eehlen\u00ed pr\u00e1dla jsou neodd\u011blitelnou sou\u010d\u00e1st\u00ed p\u00e9\u010de o dom\u00e1cnost. \u0158e\u0161\u00edte pot\u00ed\u017ee s vlhkost\u00ed, p\u0159ek\u00e1\u017e\u00ed v\u00e1m su\u0161\u00e1k v byt\u011b a nechcete, aby n\u00e1v\u0161t\u011bva sed\u00edc\u00ed vedle n\u011bho vid\u011bla sou\u010d\u00e1sti va\u0161eho \u0161atn\u00edku, kter\u00e9 obvykle z\u016fst\u00e1vaj\u00ed skryt\u00e9? Dobr\u00fdm \u0159e\u0161en\u00edm m\u016f\u017ee b\u00fdt su\u0161i\u010dka pr\u00e1dla. V n\u00e1sleduj\u00edc\u00edm \u010dl\u00e1nku si uvedeme v\u00fdhody a nev\u00fdhody su\u0161i\u010dky.&nbsp;\tV\u00fdhody su\u0161i\u010dky\t\tZbav\u00edte se vlhkosti z pr\u00e1dla v byt\u011b.\t\tNebudete muset v\u011b\u0161et a sundavat pr\u00e1dlo.\t\tSu\u0161\u00e1k pr\u00e1dla nezabere m\u00edsto ve va\u0161em byt\u011b.\t\tSu\u0161i\u010dka pr\u00e1dlo nejen vysu\u0161\u00ed, ale tak\u00e9 zm\u011bk\u010d\u00ed.\t\tPr\u00e1dlo ze su\u0161i\u010dky \u010dasto nen\u00ed nutn\u00e9 \u017eehlit.\t\tFiltry su\u0161i\u010dky zachyt\u00ed drobn\u00e9 prachov\u00e9 \u010d\u00e1ste\u010dky a zv\u00ed\u0159ec\u00ed chlupy.\t\tChr\u00e1n\u00ed barvy pr\u00e1dla na rozd\u00edl od su\u0161en\u00ed na slunci.&nbsp;\tNev\u00fdhody su\u0161i\u010dky\t\tNutnost investice do po\u0159\u00edzen\u00ed spot\u0159ebi\u010de.\t\tSu\u0161en\u00ed samoz\u0159ejm\u011b spot\u0159ebov\u00e1v\u00e1 elektrickou energii.\t\tN\u00e1roky na prostor.&nbsp;&nbsp;\tDruhy su\u0161i\u010dek&nbsp;Kondenza\u010dn\u00ed nebo ventila\u010dn\u00ed su\u0161i\u010dka. Kondenza\u010dn\u00ed su\u0161i\u010dky kondenzuj\u00ed horkou p\u00e1ru na vodu,&nbsp; lze je napojit na odpad nebo n\u00e1dobku se zachycenou vodou po ukon\u010den\u00ed cyklu vyl\u00edt. Napojen\u00ed na odpad tedy nen\u00ed nutn\u00e9. Ventila\u010dn\u00ed su\u0161i\u010dky odv\u00e1d\u011bj\u00ed ven p\u0159\u00edmo horkou p\u00e1ru, zvy\u0161uj\u00ed tak vlhkost v m\u00edstnosti nebo vy\u017eaduj\u00ed stavebn\u00ed \u00fapravy pro jej\u00ed odvod.&nbsp;Su\u0161i\u010dka s topn\u00fdm t\u011blesem nebo s tepeln\u00fdm \u010derpadlemSu\u0161i\u010dky s tepeln\u00fdm \u010derpadlem vyu\u017e\u00edvaj\u00ed zbytkov\u00e9 teplo a t\u00edm \u0161et\u0159\u00ed n\u00e1klady na energii. Oproti klasick\u00e9 su\u0161i\u010dce lze u\u0161et\u0159it a\u017e 50% elektrick\u00e9 energie. Su\u0161i\u010dka s topn\u00fdm t\u011blesem nevyu\u017e\u00edv\u00e1 zbytkov\u00e9 teplo. Jej\u00ed v\u00fdhodou je ni\u017e\u0161\u00ed po\u0159izovac\u00ed cena, nev\u00fdhodou vy\u0161\u0161\u00ed spot\u0159eba energie.&nbsp;Vyr\u00e1b\u011bj\u00ed se tak\u00e9 pra\u010dky kombinovan\u00e9 se su\u0161i\u010dkou. Jejich v\u00fdhodou je, \u017ee pr\u00e1dlo nen\u00ed nutn\u00e9 po vypr\u00e1n\u00ed p\u0159endavat do su\u0161i\u010dky. Jejich nev\u00fdhodou, \u017ee kapacita mno\u017estv\u00ed pr\u00e1dla pro su\u0161en\u00ed b\u00fdv\u00e1 ni\u017e\u0161\u00ed ne\u017e kapacita pro pran\u00ed. Odrazuje-li v\u00e1s od koup\u011b su\u0161i\u010dky nedostatek prostoru, m\u016f\u017eete ji pomoc\u00ed mezikusu postavit na na pra\u010dku. O nar\u016fstaj\u00edc\u00ed oblib\u011b su\u0161i\u010dek sv\u011bd\u010d\u00ed jejich zvy\u0161uj\u00edc\u00ed se prodeje.&nbsp;                                                                                                                                                                                                                                                                                                                                                                                        3.9\/5 - (8 votes)        "},{"@context":"https:\/\/schema.org\/","@type":"BreadcrumbList","itemListElement":[{"@type":"ListItem","position":1,"name":"V\u00fdhody a nev\u00fdhody su\u0161i\u010dky pr\u00e1dla","item":"https:\/\/www.busse.cz\/vyhody-a-nevyhody-susicky-pradla\/#breadcrumbitem"}]}]